[{"@context":"https:\/\/schema.org\/","@type":"Blog","@id":"https:\/\/www.setena.es#Blog","headline":"setena.es","description":"","url":"https:\/\/www.setena.es","hasPart":[{"@type":"Article","@id":"https:\/\/www.setena.es\/rapido-pero-con-cuidado\/","headline":"R\u00e1pido pero con cuidado","url":"https:\/\/www.setena.es\/rapido-pero-con-cuidado\/","datePublished":"2024-10-09","dateModified":"2024-10-09","mainEntityOfPage":"https:\/\/www.setena.es\/rapido-pero-con-cuidado\/","author":{"@type":"Person","@id":"https:\/\/www.setena.es\/author\/#Person","name":"","url":"https:\/\/www.setena.es\/author\/","identifier":1,"image":{"@type":"ImageObject","@id":"https:\/\/secure.gravatar.com\/avatar\/33549a3bd69022b5544ec751c6f690d75868252394a5ec007d9ed3f2c30f7874?s=96&d=mm&r=g","url":"https:\/\/secure.gravatar.com\/avatar\/33549a3bd69022b5544ec751c6f690d75868252394a5ec007d9ed3f2c30f7874?s=96&d=mm&r=g","height":96,"width":96}},"publisher":{"@type":"Organization","name":"setena.es","logo":{"@type":"ImageObject","@id":"\/logo.png","url":"\/logo.png","width":600,"height":60}},"image":{"@type":"ImageObject","@id":"https:\/\/www.setena.es\/wp-content\/uploads\/img_a343178_w2697_t1556362771.png","url":"https:\/\/www.setena.es\/wp-content\/uploads\/img_a343178_w2697_t1556362771.png","height":0,"width":0},"wordCount":435,"keywords":null},{"@type":"Article","@id":"https:\/\/www.setena.es\/sitio-web-claro\/","headline":"Sitio web claro","url":"https:\/\/www.setena.es\/sitio-web-claro\/","datePublished":"2024-10-09","dateModified":"2024-10-09","mainEntityOfPage":"https:\/\/www.setena.es\/sitio-web-claro\/","author":{"@type":"Person","@id":"https:\/\/www.setena.es\/author\/#Person","name":"","url":"https:\/\/www.setena.es\/author\/","identifier":1,"image":{"@type":"ImageObject","@id":"https:\/\/secure.gravatar.com\/avatar\/33549a3bd69022b5544ec751c6f690d75868252394a5ec007d9ed3f2c30f7874?s=96&d=mm&r=g","url":"https:\/\/secure.gravatar.com\/avatar\/33549a3bd69022b5544ec751c6f690d75868252394a5ec007d9ed3f2c30f7874?s=96&d=mm&r=g","height":96,"width":96}},"publisher":{"@type":"Organization","name":"setena.es","logo":{"@type":"ImageObject","@id":"\/logo.png","url":"\/logo.png","width":600,"height":60}},"image":{"@type":"ImageObject","@id":"https:\/\/www.setena.es\/wp-content\/uploads\/search-5235088_960_720_3.jpg","url":"https:\/\/www.setena.es\/wp-content\/uploads\/search-5235088_960_720_3.jpg","height":0,"width":0},"wordCount":367,"keywords":null},{"@type":"Article","@id":"https:\/\/www.setena.es\/hijos-y-amigos\/","headline":"Hijos y amigos","url":"https:\/\/www.setena.es\/hijos-y-amigos\/","datePublished":"2024-08-16","dateModified":"2024-08-16","mainEntityOfPage":"https:\/\/www.setena.es\/hijos-y-amigos\/","author":{"@type":"Person","@id":"https:\/\/www.setena.es\/author\/#Person","name":"","url":"https:\/\/www.setena.es\/author\/","identifier":1,"image":{"@type":"ImageObject","@id":"https:\/\/secure.gravatar.com\/avatar\/33549a3bd69022b5544ec751c6f690d75868252394a5ec007d9ed3f2c30f7874?s=96&d=mm&r=g","url":"https:\/\/secure.gravatar.com\/avatar\/33549a3bd69022b5544ec751c6f690d75868252394a5ec007d9ed3f2c30f7874?s=96&d=mm&r=g","height":96,"width":96}},"publisher":{"@type":"Organization","name":"setena.es","logo":{"@type":"ImageObject","@id":"\/logo.png","url":"\/logo.png","width":600,"height":60}},"image":{"@type":"ImageObject","@id":"https:\/\/www.setena.es\/wp-content\/uploads\/boy-3617648_960_720.jpg","url":"https:\/\/www.setena.es\/wp-content\/uploads\/boy-3617648_960_720.jpg","height":0,"width":0},"wordCount":490,"keywords":null},{"@type":"Article","@id":"https:\/\/www.setena.es\/como-encontrar-tiempo-para-sus-aficiones\/","headline":"\u00bfC\u00f3mo encontrar tiempo para sus aficiones","url":"https:\/\/www.setena.es\/como-encontrar-tiempo-para-sus-aficiones\/","datePublished":"2024-08-16","dateModified":"2024-08-16","mainEntityOfPage":"https:\/\/www.setena.es\/como-encontrar-tiempo-para-sus-aficiones\/","author":{"@type":"Person","@id":"https:\/\/www.setena.es\/author\/#Person","name":"","url":"https:\/\/www.setena.es\/author\/","identifier":1,"image":{"@type":"ImageObject","@id":"https:\/\/secure.gravatar.com\/avatar\/33549a3bd69022b5544ec751c6f690d75868252394a5ec007d9ed3f2c30f7874?s=96&d=mm&r=g","url":"https:\/\/secure.gravatar.com\/avatar\/33549a3bd69022b5544ec751c6f690d75868252394a5ec007d9ed3f2c30f7874?s=96&d=mm&r=g","height":96,"width":96}},"publisher":{"@type":"Organization","name":"setena.es","logo":{"@type":"ImageObject","@id":"\/logo.png","url":"\/logo.png","width":600,"height":60}},"image":{"@type":"ImageObject","@id":"https:\/\/www.setena.es\/wp-content\/uploads\/img_a368246_w4215_t1580484348.jpg_1..jpg","url":"https:\/\/www.setena.es\/wp-content\/uploads\/img_a368246_w4215_t1580484348.jpg_1..jpg","height":0,"width":0},"wordCount":448,"keywords":null},{"@type":"Article","@id":"https:\/\/www.setena.es\/cual-tortuga-es-la-correcta\/","headline":"Cu\u00e1l tortuga es la correcta","url":"https:\/\/www.setena.es\/cual-tortuga-es-la-correcta\/","datePublished":"2024-08-13","dateModified":"2024-08-13","mainEntityOfPage":"https:\/\/www.setena.es\/cual-tortuga-es-la-correcta\/","author":{"@type":"Person","@id":"https:\/\/www.setena.es\/author\/#Person","name":"","url":"https:\/\/www.setena.es\/author\/","identifier":1,"image":{"@type":"ImageObject","@id":"https:\/\/secure.gravatar.com\/avatar\/33549a3bd69022b5544ec751c6f690d75868252394a5ec007d9ed3f2c30f7874?s=96&d=mm&r=g","url":"https:\/\/secure.gravatar.com\/avatar\/33549a3bd69022b5544ec751c6f690d75868252394a5ec007d9ed3f2c30f7874?s=96&d=mm&r=g","height":96,"width":96}},"publisher":{"@type":"Organization","name":"setena.es","logo":{"@type":"ImageObject","@id":"\/logo.png","url":"\/logo.png","width":600,"height":60}},"image":{"@type":"ImageObject","@id":"https:\/\/www.setena.es\/wp-content\/uploads\/img_a340919_w2408_t1553758530.jpg","url":"https:\/\/www.setena.es\/wp-content\/uploads\/img_a340919_w2408_t1553758530.jpg","height":0,"width":0},"wordCount":535,"keywords":null},{"@type":"Article","@id":"https:\/\/www.setena.es\/los-ninos-y-su-vision-del-futuro\/","headline":"Los ni\u00f1os y su visi\u00f3n del futuro","url":"https:\/\/www.setena.es\/los-ninos-y-su-vision-del-futuro\/","datePublished":"2024-08-07","dateModified":"2024-08-07","mainEntityOfPage":"https:\/\/www.setena.es\/los-ninos-y-su-vision-del-futuro\/","author":{"@type":"Person","@id":"https:\/\/www.setena.es\/author\/#Person","name":"","url":"https:\/\/www.setena.es\/author\/","identifier":1,"image":{"@type":"ImageObject","@id":"https:\/\/secure.gravatar.com\/avatar\/33549a3bd69022b5544ec751c6f690d75868252394a5ec007d9ed3f2c30f7874?s=96&d=mm&r=g","url":"https:\/\/secure.gravatar.com\/avatar\/33549a3bd69022b5544ec751c6f690d75868252394a5ec007d9ed3f2c30f7874?s=96&d=mm&r=g","height":96,"width":96}},"publisher":{"@type":"Organization","name":"setena.es","logo":{"@type":"ImageObject","@id":"\/logo.png","url":"\/logo.png","width":600,"height":60}},"image":{"@type":"ImageObject","@id":"https:\/\/www.setena.es\/wp-content\/uploads\/kindergarten-421623_1280_1.jpg","url":"https:\/\/www.setena.es\/wp-content\/uploads\/kindergarten-421623_1280_1.jpg","height":0,"width":0},"wordCount":460,"keywords":null},{"@type":"Article","@id":"https:\/\/www.setena.es\/telefonos-inteligentespasatiempoque-nos-quita-elmental\/","headline":"tel\u00e9fonos inteligentespasatiempoque nos quita elmental\u00a1","url":"https:\/\/www.setena.es\/telefonos-inteligentespasatiempoque-nos-quita-elmental\/","datePublished":"2024-07-18","dateModified":"2024-07-18","mainEntityOfPage":"https:\/\/www.setena.es\/telefonos-inteligentespasatiempoque-nos-quita-elmental\/","author":{"@type":"Person","@id":"https:\/\/www.setena.es\/author\/#Person","name":"","url":"https:\/\/www.setena.es\/author\/","identifier":1,"image":{"@type":"ImageObject","@id":"https:\/\/secure.gravatar.com\/avatar\/33549a3bd69022b5544ec751c6f690d75868252394a5ec007d9ed3f2c30f7874?s=96&d=mm&r=g","url":"https:\/\/secure.gravatar.com\/avatar\/33549a3bd69022b5544ec751c6f690d75868252394a5ec007d9ed3f2c30f7874?s=96&d=mm&r=g","height":96,"width":96}},"publisher":{"@type":"Organization","name":"setena.es","logo":{"@type":"ImageObject","@id":"\/logo.png","url":"\/logo.png","width":600,"height":60}},"image":{"@type":"ImageObject","@id":"https:\/\/www.setena.es\/wp-content\/uploads\/img_a339006_w2703_t1552162705.jpg_1..jpg","url":"https:\/\/www.setena.es\/wp-content\/uploads\/img_a339006_w2703_t1552162705.jpg_1..jpg","height":0,"width":0},"wordCount":574,"keywords":null},{"@type":"Article","@id":"https:\/\/www.setena.es\/jardines-en-pendiente\/","headline":"Jardines en pendiente","url":"https:\/\/www.setena.es\/jardines-en-pendiente\/","datePublished":"2024-07-17","dateModified":"2024-07-17","mainEntityOfPage":"https:\/\/www.setena.es\/jardines-en-pendiente\/","author":{"@type":"Person","@id":"https:\/\/www.setena.es\/author\/#Person","name":"","url":"https:\/\/www.setena.es\/author\/","identifier":1,"image":{"@type":"ImageObject","@id":"https:\/\/secure.gravatar.com\/avatar\/33549a3bd69022b5544ec751c6f690d75868252394a5ec007d9ed3f2c30f7874?s=96&d=mm&r=g","url":"https:\/\/secure.gravatar.com\/avatar\/33549a3bd69022b5544ec751c6f690d75868252394a5ec007d9ed3f2c30f7874?s=96&d=mm&r=g","height":96,"width":96}},"publisher":{"@type":"Organization","name":"setena.es","logo":{"@type":"ImageObject","@id":"\/logo.png","url":"\/logo.png","width":600,"height":60}},"image":{"@type":"ImageObject","@id":"https:\/\/www.setena.es\/wp-content\/uploads\/images_8.jpg","url":"https:\/\/www.setena.es\/wp-content\/uploads\/images_8.jpg","height":0,"width":0},"wordCount":584,"keywords":null},{"@type":"Article","@id":"https:\/\/www.setena.es\/una-visita-al-gimnasio-no-esta-motivada-positivamente\/","headline":"Una visita al gimnasio no est\u00e1 motivada positivamente","url":"https:\/\/www.setena.es\/una-visita-al-gimnasio-no-esta-motivada-positivamente\/","datePublished":"2024-06-28","dateModified":"2024-06-28","mainEntityOfPage":"https:\/\/www.setena.es\/una-visita-al-gimnasio-no-esta-motivada-positivamente\/","author":{"@type":"Person","@id":"https:\/\/www.setena.es\/author\/#Person","name":"","url":"https:\/\/www.setena.es\/author\/","identifier":1,"image":{"@type":"ImageObject","@id":"https:\/\/secure.gravatar.com\/avatar\/33549a3bd69022b5544ec751c6f690d75868252394a5ec007d9ed3f2c30f7874?s=96&d=mm&r=g","url":"https:\/\/secure.gravatar.com\/avatar\/33549a3bd69022b5544ec751c6f690d75868252394a5ec007d9ed3f2c30f7874?s=96&d=mm&r=g","height":96,"width":96}},"publisher":{"@type":"Organization","name":"setena.es","logo":{"@type":"ImageObject","@id":"\/logo.png","url":"\/logo.png","width":600,"height":60}},"image":{"@type":"ImageObject","@id":"https:\/\/www.setena.es\/wp-content\/uploads\/img_a277451_w1754_t1601796718.jpg","url":"https:\/\/www.setena.es\/wp-content\/uploads\/img_a277451_w1754_t1601796718.jpg","height":0,"width":0},"wordCount":451,"keywords":null},{"@type":"Article","@id":"https:\/\/www.setena.es\/tipy-vanocnich-darku\/","headline":"Tipy v\u00e1no\u010dn\u00edch d\u00e1rku","url":"https:\/\/www.setena.es\/tipy-vanocnich-darku\/","datePublished":"2024-06-07","dateModified":"2024-06-07","mainEntityOfPage":"https:\/\/www.setena.es\/tipy-vanocnich-darku\/","author":{"@type":"Person","@id":"https:\/\/www.setena.es\/author\/#Person","name":"","url":"https:\/\/www.setena.es\/author\/","identifier":1,"image":{"@type":"ImageObject","@id":"https:\/\/secure.gravatar.com\/avatar\/33549a3bd69022b5544ec751c6f690d75868252394a5ec007d9ed3f2c30f7874?s=96&d=mm&r=g","url":"https:\/\/secure.gravatar.com\/avatar\/33549a3bd69022b5544ec751c6f690d75868252394a5ec007d9ed3f2c30f7874?s=96&d=mm&r=g","height":96,"width":96}},"publisher":{"@type":"Organization","name":"setena.es","logo":{"@type":"ImageObject","@id":"\/logo.png","url":"\/logo.png","width":600,"height":60}},"image":{"@type":"ImageObject","@id":"https:\/\/www.setena.es\/wp-content\/uploads\/vo%C5%88avka.jpg","url":"https:\/\/www.setena.es\/wp-content\/uploads\/vo%C5%88avka.jpg","height":0,"width":0},"wordCount":705,"keywords":null}]},{"@context":"https:\/\/schema.org","@type":"WebSite","@id":"https:\/\/www.setena.es\/#website","name":"setena.es","url":"https:\/\/www.setena.es","potentialAction":{"@type":"SearchAction","target":"https:\/\/www.setena.es\/?s={search_term_string}","query-input":"required name=search_term_string"}}]