{"@context":"https:\/\/schema.org\/","@type":"CollectionPage","@id":"https:\/\/www.setena.es\/economia\/#CollectionPage","headline":"Econom\u00eda Category","description":"","url":"https:\/\/www.setena.es\/economia\/","hasPart":[{"@type":"Article","@id":"https:\/\/www.setena.es\/que-afecta-a-la-economia\/","headline":"Qu\u00e9 afecta a la econom\u00eda","url":"https:\/\/www.setena.es\/que-afecta-a-la-economia\/","datePublished":"2024-03-09","dateModified":"2024-03-09","mainEntityOfPage":"https:\/\/www.setena.es\/que-afecta-a-la-economia\/","author":{"@type":"Person","@id":"https:\/\/www.setena.es\/author\/#Person","name":"","url":"https:\/\/www.setena.es\/author\/","identifier":1,"image":{"@type":"ImageObject","@id":"https:\/\/secure.gravatar.com\/avatar\/33549a3bd69022b5544ec751c6f690d75868252394a5ec007d9ed3f2c30f7874?s=96&d=mm&r=g","url":"https:\/\/secure.gravatar.com\/avatar\/33549a3bd69022b5544ec751c6f690d75868252394a5ec007d9ed3f2c30f7874?s=96&d=mm&r=g","height":96,"width":96}},"publisher":{"@type":"Organization","name":"setena.es","logo":{"@type":"ImageObject","@id":"\/logo.png","url":"\/logo.png","width":600,"height":60}},"image":{"@type":"ImageObject","@id":"https:\/\/www.setena.es\/wp-content\/uploads\/money-gd329a8e25_640_10_10_10_10_10_10_10_5.jpg","url":"https:\/\/www.setena.es\/wp-content\/uploads\/money-gd329a8e25_640_10_10_10_10_10_10_10_5.jpg","height":0,"width":0},"keywords":null},{"@type":"Article","@id":"https:\/\/www.setena.es\/nenidevod-k-jasotu\/","headline":"Nen\u00edd\u011bvod k j\u00e1sotu","url":"https:\/\/www.setena.es\/nenidevod-k-jasotu\/","datePublished":"2022-01-15","dateModified":"2022-01-15","mainEntityOfPage":"https:\/\/www.setena.es\/nenidevod-k-jasotu\/","author":{"@type":"Person","@id":"https:\/\/www.setena.es\/author\/#Person","name":"","url":"https:\/\/www.setena.es\/author\/","identifier":1,"image":{"@type":"ImageObject","@id":"https:\/\/secure.gravatar.com\/avatar\/33549a3bd69022b5544ec751c6f690d75868252394a5ec007d9ed3f2c30f7874?s=96&d=mm&r=g","url":"https:\/\/secure.gravatar.com\/avatar\/33549a3bd69022b5544ec751c6f690d75868252394a5ec007d9ed3f2c30f7874?s=96&d=mm&r=g","height":96,"width":96}},"publisher":{"@type":"Organization","name":"setena.es","logo":{"@type":"ImageObject","@id":"\/logo.png","url":"\/logo.png","width":600,"height":60}},"image":{"@type":"ImageObject","@id":"https:\/\/www.setena.es\/wp-content\/uploads\/%C5%BE%C5%BE%C5%BE%C5%BE%C5%BE%C5%BE%C5%BE%C5%BE%C5%BE%C5%BE_2.jpg","url":"https:\/\/www.setena.es\/wp-content\/uploads\/%C5%BE%C5%BE%C5%BE%C5%BE%C5%BE%C5%BE%C5%BE%C5%BE%C5%BE%C5%BE_2.jpg","height":0,"width":0},"keywords":null}]}