[{"@context":"https:\/\/schema.org\/","@type":"Blog","@id":"https:\/\/www.setena.es#Blog","headline":"setena.es","description":"","url":"https:\/\/www.setena.es","hasPart":[{"@type":"Article","@id":"https:\/\/www.setena.es\/aficiones-interesantes\/","headline":"Aficiones interesantes","url":"https:\/\/www.setena.es\/aficiones-interesantes\/","datePublished":"2022-02-24","dateModified":"2022-02-24","mainEntityOfPage":"https:\/\/www.setena.es\/aficiones-interesantes\/","author":{"@type":"Person","@id":"https:\/\/www.setena.es\/author\/#Person","name":"","url":"https:\/\/www.setena.es\/author\/","identifier":1,"image":{"@type":"ImageObject","@id":"https:\/\/secure.gravatar.com\/avatar\/33549a3bd69022b5544ec751c6f690d75868252394a5ec007d9ed3f2c30f7874?s=96&d=mm&r=g","url":"https:\/\/secure.gravatar.com\/avatar\/33549a3bd69022b5544ec751c6f690d75868252394a5ec007d9ed3f2c30f7874?s=96&d=mm&r=g","height":96,"width":96}},"publisher":{"@type":"Organization","name":"setena.es","logo":{"@type":"ImageObject","@id":"\/logo.png","url":"\/logo.png","width":600,"height":60}},"image":{"@type":"ImageObject","@id":"https:\/\/www.setena.es\/wp-content\/uploads\/dog-4253238_640.jpg","url":"https:\/\/www.setena.es\/wp-content\/uploads\/dog-4253238_640.jpg","height":0,"width":0},"wordCount":560,"keywords":null},{"@type":"Article","@id":"https:\/\/www.setena.es\/yo-y-mi-hijo\/","headline":"Yo y mi hijo","url":"https:\/\/www.setena.es\/yo-y-mi-hijo\/","datePublished":"2022-02-23","dateModified":"2022-02-23","mainEntityOfPage":"https:\/\/www.setena.es\/yo-y-mi-hijo\/","author":{"@type":"Person","@id":"https:\/\/www.setena.es\/author\/#Person","name":"","url":"https:\/\/www.setena.es\/author\/","identifier":1,"image":{"@type":"ImageObject","@id":"https:\/\/secure.gravatar.com\/avatar\/33549a3bd69022b5544ec751c6f690d75868252394a5ec007d9ed3f2c30f7874?s=96&d=mm&r=g","url":"https:\/\/secure.gravatar.com\/avatar\/33549a3bd69022b5544ec751c6f690d75868252394a5ec007d9ed3f2c30f7874?s=96&d=mm&r=g","height":96,"width":96}},"publisher":{"@type":"Organization","name":"setena.es","logo":{"@type":"ImageObject","@id":"\/logo.png","url":"\/logo.png","width":600,"height":60}},"image":{"@type":"ImageObject","@id":"https:\/\/www.setena.es\/wp-content\/uploads\/portrait-7103504_960_720.jpg","url":"https:\/\/www.setena.es\/wp-content\/uploads\/portrait-7103504_960_720.jpg","height":0,"width":0},"wordCount":423,"keywords":null},{"@type":"Article","@id":"https:\/\/www.setena.es\/los-ninos-y-el-dinero\/","headline":"Los ni\u00f1os y el dinero","url":"https:\/\/www.setena.es\/los-ninos-y-el-dinero\/","datePublished":"2022-02-23","dateModified":"2022-02-23","mainEntityOfPage":"https:\/\/www.setena.es\/los-ninos-y-el-dinero\/","author":{"@type":"Person","@id":"https:\/\/www.setena.es\/author\/#Person","name":"","url":"https:\/\/www.setena.es\/author\/","identifier":1,"image":{"@type":"ImageObject","@id":"https:\/\/secure.gravatar.com\/avatar\/33549a3bd69022b5544ec751c6f690d75868252394a5ec007d9ed3f2c30f7874?s=96&d=mm&r=g","url":"https:\/\/secure.gravatar.com\/avatar\/33549a3bd69022b5544ec751c6f690d75868252394a5ec007d9ed3f2c30f7874?s=96&d=mm&r=g","height":96,"width":96}},"publisher":{"@type":"Organization","name":"setena.es","logo":{"@type":"ImageObject","@id":"\/logo.png","url":"\/logo.png","width":600,"height":60}},"image":{"@type":"ImageObject","@id":"https:\/\/www.setena.es\/wp-content\/uploads\/portrait-of-a-child-2323762_1280.jpg","url":"https:\/\/www.setena.es\/wp-content\/uploads\/portrait-of-a-child-2323762_1280.jpg","height":0,"width":0},"wordCount":442,"keywords":null},{"@type":"Article","@id":"https:\/\/www.setena.es\/lo-que-sabemos-sobre-las-vallasalgunas\/","headline":"Lo que sabemos sobre las vallasAlgunas","url":"https:\/\/www.setena.es\/lo-que-sabemos-sobre-las-vallasalgunas\/","datePublished":"2022-02-03","dateModified":"2022-02-03","mainEntityOfPage":"https:\/\/www.setena.es\/lo-que-sabemos-sobre-las-vallasalgunas\/","author":{"@type":"Person","@id":"https:\/\/www.setena.es\/author\/#Person","name":"","url":"https:\/\/www.setena.es\/author\/","identifier":1,"image":{"@type":"ImageObject","@id":"https:\/\/secure.gravatar.com\/avatar\/33549a3bd69022b5544ec751c6f690d75868252394a5ec007d9ed3f2c30f7874?s=96&d=mm&r=g","url":"https:\/\/secure.gravatar.com\/avatar\/33549a3bd69022b5544ec751c6f690d75868252394a5ec007d9ed3f2c30f7874?s=96&d=mm&r=g","height":96,"width":96}},"publisher":{"@type":"Organization","name":"setena.es","logo":{"@type":"ImageObject","@id":"\/logo.png","url":"\/logo.png","width":600,"height":60}},"image":{"@type":"ImageObject","@id":"https:\/\/www.setena.es\/wp-content\/uploads\/img_a326187_w2623_t1538299180.jpg_1..jpg","url":"https:\/\/www.setena.es\/wp-content\/uploads\/img_a326187_w2623_t1538299180.jpg_1..jpg","height":0,"width":0},"wordCount":572,"keywords":null},{"@type":"Article","@id":"https:\/\/www.setena.es\/familia-numerosa\/","headline":"Familia numerosa","url":"https:\/\/www.setena.es\/familia-numerosa\/","datePublished":"2022-02-03","dateModified":"2022-02-03","mainEntityOfPage":"https:\/\/www.setena.es\/familia-numerosa\/","author":{"@type":"Person","@id":"https:\/\/www.setena.es\/author\/#Person","name":"","url":"https:\/\/www.setena.es\/author\/","identifier":1,"image":{"@type":"ImageObject","@id":"https:\/\/secure.gravatar.com\/avatar\/33549a3bd69022b5544ec751c6f690d75868252394a5ec007d9ed3f2c30f7874?s=96&d=mm&r=g","url":"https:\/\/secure.gravatar.com\/avatar\/33549a3bd69022b5544ec751c6f690d75868252394a5ec007d9ed3f2c30f7874?s=96&d=mm&r=g","height":96,"width":96}},"publisher":{"@type":"Organization","name":"setena.es","logo":{"@type":"ImageObject","@id":"\/logo.png","url":"\/logo.png","width":600,"height":60}},"image":{"@type":"ImageObject","@id":"https:\/\/www.setena.es\/wp-content\/uploads\/baby-1426651_1280_2.jpg_1..jpg","url":"https:\/\/www.setena.es\/wp-content\/uploads\/baby-1426651_1280_2.jpg_1..jpg","height":0,"width":0},"wordCount":440,"keywords":null},{"@type":"Article","@id":"https:\/\/www.setena.es\/prepara-el-jardin-para-la-primavera-y-no-te-olvides-de-las-flores-ornamentales\/","headline":"\u00a1Prepara el jard\u00edn para la primavera y no te olvides de las flores ornamentales!","url":"https:\/\/www.setena.es\/prepara-el-jardin-para-la-primavera-y-no-te-olvides-de-las-flores-ornamentales\/","datePublished":"2022-01-31","dateModified":"2022-01-31","mainEntityOfPage":"https:\/\/www.setena.es\/prepara-el-jardin-para-la-primavera-y-no-te-olvides-de-las-flores-ornamentales\/","author":{"@type":"Person","@id":"https:\/\/www.setena.es\/author\/#Person","name":"","url":"https:\/\/www.setena.es\/author\/","identifier":1,"image":{"@type":"ImageObject","@id":"https:\/\/secure.gravatar.com\/avatar\/33549a3bd69022b5544ec751c6f690d75868252394a5ec007d9ed3f2c30f7874?s=96&d=mm&r=g","url":"https:\/\/secure.gravatar.com\/avatar\/33549a3bd69022b5544ec751c6f690d75868252394a5ec007d9ed3f2c30f7874?s=96&d=mm&r=g","height":96,"width":96}},"publisher":{"@type":"Organization","name":"setena.es","logo":{"@type":"ImageObject","@id":"\/logo.png","url":"\/logo.png","width":600,"height":60}},"image":{"@type":"ImageObject","@id":"https:\/\/www.setena.es\/wp-content\/uploads\/pexels-photo-1879288.jpeg","url":"https:\/\/www.setena.es\/wp-content\/uploads\/pexels-photo-1879288.jpeg","height":0,"width":0},"wordCount":509,"keywords":null},{"@type":"Article","@id":"https:\/\/www.setena.es\/las-areas-de-descanso-en-las-autopistas-deberian-ser-oasis-de-paz\/","headline":"Las \u00e1reas de descanso en las autopistas deber\u00edan ser oasis de paz","url":"https:\/\/www.setena.es\/las-areas-de-descanso-en-las-autopistas-deberian-ser-oasis-de-paz\/","datePublished":"2022-01-19","dateModified":"2022-01-19","mainEntityOfPage":"https:\/\/www.setena.es\/las-areas-de-descanso-en-las-autopistas-deberian-ser-oasis-de-paz\/","author":{"@type":"Person","@id":"https:\/\/www.setena.es\/author\/#Person","name":"","url":"https:\/\/www.setena.es\/author\/","identifier":1,"image":{"@type":"ImageObject","@id":"https:\/\/secure.gravatar.com\/avatar\/33549a3bd69022b5544ec751c6f690d75868252394a5ec007d9ed3f2c30f7874?s=96&d=mm&r=g","url":"https:\/\/secure.gravatar.com\/avatar\/33549a3bd69022b5544ec751c6f690d75868252394a5ec007d9ed3f2c30f7874?s=96&d=mm&r=g","height":96,"width":96}},"publisher":{"@type":"Organization","name":"setena.es","logo":{"@type":"ImageObject","@id":"\/logo.png","url":"\/logo.png","width":600,"height":60}},"image":{"@type":"ImageObject","@id":"https:\/\/www.setena.es\/wp-content\/uploads\/img_a337908_w2034_t1550815723.jpg","url":"https:\/\/www.setena.es\/wp-content\/uploads\/img_a337908_w2034_t1550815723.jpg","height":0,"width":0},"wordCount":426,"keywords":null},{"@type":"Article","@id":"https:\/\/www.setena.es\/nenidevod-k-jasotu\/","headline":"Nen\u00edd\u011bvod k j\u00e1sotu","url":"https:\/\/www.setena.es\/nenidevod-k-jasotu\/","datePublished":"2022-01-15","dateModified":"2022-01-15","mainEntityOfPage":"https:\/\/www.setena.es\/nenidevod-k-jasotu\/","author":{"@type":"Person","@id":"https:\/\/www.setena.es\/author\/#Person","name":"","url":"https:\/\/www.setena.es\/author\/","identifier":1,"image":{"@type":"ImageObject","@id":"https:\/\/secure.gravatar.com\/avatar\/33549a3bd69022b5544ec751c6f690d75868252394a5ec007d9ed3f2c30f7874?s=96&d=mm&r=g","url":"https:\/\/secure.gravatar.com\/avatar\/33549a3bd69022b5544ec751c6f690d75868252394a5ec007d9ed3f2c30f7874?s=96&d=mm&r=g","height":96,"width":96}},"publisher":{"@type":"Organization","name":"setena.es","logo":{"@type":"ImageObject","@id":"\/logo.png","url":"\/logo.png","width":600,"height":60}},"image":{"@type":"ImageObject","@id":"https:\/\/www.setena.es\/wp-content\/uploads\/%C5%BE%C5%BE%C5%BE%C5%BE%C5%BE%C5%BE%C5%BE%C5%BE%C5%BE%C5%BE_2.jpg","url":"https:\/\/www.setena.es\/wp-content\/uploads\/%C5%BE%C5%BE%C5%BE%C5%BE%C5%BE%C5%BE%C5%BE%C5%BE%C5%BE%C5%BE_2.jpg","height":0,"width":0},"wordCount":608,"keywords":null},{"@type":"Article","@id":"https:\/\/www.setena.es\/derman\/","headline":"Derman","url":"https:\/\/www.setena.es\/derman\/","datePublished":"2022-01-10","dateModified":"2022-01-10","mainEntityOfPage":"https:\/\/www.setena.es\/derman\/","author":{"@type":"Person","@id":"https:\/\/www.setena.es\/author\/#Person","name":"","url":"https:\/\/www.setena.es\/author\/","identifier":1,"image":{"@type":"ImageObject","@id":"https:\/\/secure.gravatar.com\/avatar\/33549a3bd69022b5544ec751c6f690d75868252394a5ec007d9ed3f2c30f7874?s=96&d=mm&r=g","url":"https:\/\/secure.gravatar.com\/avatar\/33549a3bd69022b5544ec751c6f690d75868252394a5ec007d9ed3f2c30f7874?s=96&d=mm&r=g","height":96,"width":96}},"publisher":{"@type":"Organization","name":"setena.es","logo":{"@type":"ImageObject","@id":"\/logo.png","url":"\/logo.png","width":600,"height":60}},"image":{"@type":"ImageObject","@id":"https:\/\/www.setena.es\/wp-content\/uploads\/img_a362018_w4297_t1575042221.jpg","url":"https:\/\/www.setena.es\/wp-content\/uploads\/img_a362018_w4297_t1575042221.jpg","height":0,"width":0},"wordCount":424,"keywords":null},{"@type":"Article","@id":"https:\/\/www.setena.es\/casas-con-asientos-comodos\/","headline":"Casas con asientos c\u00f3modos","url":"https:\/\/www.setena.es\/casas-con-asientos-comodos\/","datePublished":"2021-11-25","dateModified":"2021-11-25","mainEntityOfPage":"https:\/\/www.setena.es\/casas-con-asientos-comodos\/","author":{"@type":"Person","@id":"https:\/\/www.setena.es\/author\/#Person","name":"","url":"https:\/\/www.setena.es\/author\/","identifier":1,"image":{"@type":"ImageObject","@id":"https:\/\/secure.gravatar.com\/avatar\/33549a3bd69022b5544ec751c6f690d75868252394a5ec007d9ed3f2c30f7874?s=96&d=mm&r=g","url":"https:\/\/secure.gravatar.com\/avatar\/33549a3bd69022b5544ec751c6f690d75868252394a5ec007d9ed3f2c30f7874?s=96&d=mm&r=g","height":96,"width":96}},"publisher":{"@type":"Organization","name":"setena.es","logo":{"@type":"ImageObject","@id":"\/logo.png","url":"\/logo.png","width":600,"height":60}},"image":{"@type":"ImageObject","@id":"https:\/\/www.setena.es\/wp-content\/uploads\/img_a306593_w1707_t1517906534.jpg","url":"https:\/\/www.setena.es\/wp-content\/uploads\/img_a306593_w1707_t1517906534.jpg","height":0,"width":0},"wordCount":440,"keywords":null}]},{"@context":"https:\/\/schema.org","@type":"WebSite","@id":"https:\/\/www.setena.es\/#website","name":"setena.es","url":"https:\/\/www.setena.es","potentialAction":{"@type":"SearchAction","target":"https:\/\/www.setena.es\/?s={search_term_string}","query-input":"required name=search_term_string"}}]