[{"@context":"https:\/\/schema.org\/","@type":"Article","@id":"https:\/\/www.setena.es\/paternidad-moderna\/#Article","mainEntityOfPage":"https:\/\/www.setena.es\/paternidad-moderna\/","headline":"Paternidad moderna","name":"Paternidad moderna","description":"Es cierto que la mayor\u00eda de la gente sabe mejor que nadie y tiene absoluta confianza en c\u00f3mo debe educar a sus hijos. Si un","datePublished":"2023-02-21","dateModified":"2023-02-21","author":{"@type":"Person","@id":"https:\/\/www.setena.es\/author\/#Person","name":"","url":"https:\/\/www.setena.es\/author\/","identifier":1,"image":{"@type":"ImageObject","@id":"https:\/\/secure.gravatar.com\/avatar\/33549a3bd69022b5544ec751c6f690d75868252394a5ec007d9ed3f2c30f7874?s=96&d=mm&r=g","url":"https:\/\/secure.gravatar.com\/avatar\/33549a3bd69022b5544ec751c6f690d75868252394a5ec007d9ed3f2c30f7874?s=96&d=mm&r=g","height":96,"width":96}},"publisher":{"@type":"Organization","name":"setena.es","logo":{"@type":"ImageObject","@id":"\/logo.png","url":"\/logo.png","width":600,"height":60}},"image":{"@type":"ImageObject","@id":"https:\/\/www.setena.es\/wp-content\/uploads\/family-6655711_640_1.jpg","url":"https:\/\/www.setena.es\/wp-content\/uploads\/family-6655711_640_1.jpg","height":0,"width":0},"url":"https:\/\/www.setena.es\/paternidad-moderna\/","about":["Ni\u00f1os"],"wordCount":393,"articleBody":"Es cierto que la mayor\u00eda de la gente sabe mejor que nadie y tiene absoluta confianza en c\u00f3mo debe educar a sus hijos. Si un extra\u00f1o ve a un padre salir con su hijo, en cuesti\u00f3n de minutos sabe exactamente qu\u00e9 errores est\u00e1 cometiendo y a menudo no teme dec\u00edrselo directamente. Cuando un padre mentalmente agotado intenta calmar a un ni\u00f1o que est\u00e1 teniendo su d\u00e9cima rabieta de la ma\u00f1ana, le se\u00f1alo lo p\u00e9simo padre que es y lo poco que quiere o necesita o\u00edr hablar de ello. Todos los padres normales quieren a sus hijos y nadie quiere pegarles, pero el problema es ponerles l\u00edmites sin hacerles da\u00f1o.Las generaciones anteriores sol\u00edan decir que un par de azotes no matar\u00edan a nadie. Por supuesto, no es bueno pegar a un ni\u00f1o, pero \u00bfde qu\u00e9 puede servir un azote ligero? &#8230;&#8230; Es importante recordar que los ni\u00f1os muy peque\u00f1os no entienden muchas cosas y ni siquiera comprenden lo que se les dice. Pero, \u00bfes la violencia la forma correcta? \u00bfPuede uno, como adulto, ser golpeado porque no entiende algo? Pero nadie sabe exactamente c\u00f3mo educar a un ni\u00f1o sin demasiadas rabietas, aunque eso sea normal. La crianza puede ser muy agotadora, y la fase rebelde dura aproximadamente desde los dos hasta los cuatro o cinco a\u00f1os. Y para entonces, los padres pueden estar tan agotados emocionalmente que dan una patada en el culo a sus hijos cuando ya no pueden m\u00e1s.Incluso los padres son humanos y cometen errores. La mayor\u00eda de los padres, por supuesto, lo sienten e intentan compensar a sus hijos y explic\u00e1rselo despu\u00e9s. Pero no es nada f\u00e1cil estar al tanto de todo, hacer berrinches por cosas triviales y, al mismo tiempo, enfrentarse a menudo a miradas de desd\u00e9n y asco y a comentarios de los transe\u00fantes que saben qu\u00e9 hacer en un instante.Por eso, como padres, siempre debemos intentar hacerlo lo mejor que podamos en cada momento y recordar que la primera luz de esperanza se enciende en la guarder\u00eda, donde los ni\u00f1os suelen estar m\u00e1s tranquilos. Aguantad, alg\u00fan d\u00eda se os escapar\u00e1 un ataque, pero intentad no recurrir a la violencia si pod\u00e9is.                                                                                                                                                                                                                                                                                                                                                                                                "},{"@context":"https:\/\/schema.org\/","@type":"BreadcrumbList","itemListElement":[{"@type":"ListItem","position":1,"name":"Paternidad moderna","item":"https:\/\/www.setena.es\/paternidad-moderna\/#breadcrumbitem"}]}]