[{"@context":"https:\/\/schema.org\/","@type":"Article","@id":"https:\/\/www.setena.es\/peluquerias-varias\/#Article","mainEntityOfPage":"https:\/\/www.setena.es\/peluquerias-varias\/","headline":"Peluquer\u00edas varias","name":"Peluquer\u00edas varias","description":"\u00bfQu\u00e9 piensas de las mujeres y los peluqueros? A veces pienso que es impensable que las mujeres no vayan a la peluquer\u00eda. Pero reconozco que","datePublished":"2023-04-24","dateModified":"2023-04-24","author":{"@type":"Person","@id":"https:\/\/www.setena.es\/author\/#Person","name":"","url":"https:\/\/www.setena.es\/author\/","identifier":1,"image":{"@type":"ImageObject","@id":"https:\/\/secure.gravatar.com\/avatar\/33549a3bd69022b5544ec751c6f690d75868252394a5ec007d9ed3f2c30f7874?s=96&d=mm&r=g","url":"https:\/\/secure.gravatar.com\/avatar\/33549a3bd69022b5544ec751c6f690d75868252394a5ec007d9ed3f2c30f7874?s=96&d=mm&r=g","height":96,"width":96}},"publisher":{"@type":"Organization","name":"setena.es","logo":{"@type":"ImageObject","@id":"\/logo.png","url":"\/logo.png","width":600,"height":60}},"image":{"@type":"ImageObject","@id":"https:\/\/www.setena.es\/wp-content\/uploads\/istockphoto-1339228907-612x612_1.jpg","url":"https:\/\/www.setena.es\/wp-content\/uploads\/istockphoto-1339228907-612x612_1.jpg","height":0,"width":0},"url":"https:\/\/www.setena.es\/peluquerias-varias\/","about":["Mujer"],"wordCount":273,"articleBody":"\u00bfQu\u00e9 piensas de las mujeres y los peluqueros? A veces pienso que es impensable que las mujeres no vayan a la peluquer\u00eda. Pero reconozco que tengo malos recuerdos de las peluqueras. Tengo el pelo oscuro y quer\u00eda que fuera un poco m\u00e1s claro. El peluquero que me lo pein\u00f3 no ten\u00eda confianza y me dec\u00eda que el rubio no me quedaba bien. Yo quer\u00eda aclararme el pelo y ella no quer\u00eda, lo que me pon\u00eda de mal humor. Ten\u00eda miedo de da\u00f1arme el pelo, as\u00ed que nunca me quej\u00e9\u00bb.  Cuando le dije que quer\u00eda el pelo un poco m\u00e1s claro, sigui\u00f3 diciendo que no me quedaba bien. Finalmente, llam\u00e9 a otra peluquera y le dije que tengo el pelo oscuro y que quer\u00eda aclar\u00e1rmelo, pero que a mi peluquera no le gustaba y dec\u00eda que no me quedaba bien. Me dijo que pod\u00eda concertar una cita para verme en persona y que quiz\u00e1s estar\u00eda dispuesta a ir a por ello y probarlo en forma de mechas. Ped\u00ed cita y all\u00ed estaba, de sopet\u00f3n.  Me dijo que estaba dispuesta a hacerme mechas, me emocion\u00e9 y decid\u00ed ir a verla. Ped\u00ed cita, fui a verla y el resultado final fue muy efectivo. Estaba muy contenta y completamente rubia. Sus mechas me dejaron el pelo mucho m\u00e1s brillante y desde entonces soy rubia y me compro mi propio tinte para retocar. El pelo rubio es muy bonito y el rubio mola mucho, as\u00ed que me alegro de haber conseguido por fin el color que quer\u00eda.                                                                                                                                                                                                                                                                                                                                                                                                "},{"@context":"https:\/\/schema.org\/","@type":"BreadcrumbList","itemListElement":[{"@type":"ListItem","position":1,"name":"Peluquer\u00edas varias","item":"https:\/\/www.setena.es\/peluquerias-varias\/#breadcrumbitem"}]}]